{"id":10313,"date":"2022-05-18T15:00:25","date_gmt":"2022-05-18T19:00:25","guid":{"rendered":"https:\/\/dev3.helmetstudio.com\/duramax-y-drydene-en-el-honda-no-27-de-andretti-autosport-con-alexander-rossi-hasta-la-temporada-2022-ntt-indycar\/"},"modified":"2025-02-12T19:07:50","modified_gmt":"2025-02-12T23:07:50","slug":"duramax-y-drydene-destacados-en-andretti-autosport-no-27-honda-con-alexander-rossi-through-2022-ntt-indycar-season","status":"publish","type":"post","link":"https:\/\/reladyne.com\/es\/duramax-y-drydene-destacados-en-andretti-autosport-no-27-honda-con-alexander-rossi-through-2022-ntt-indycar-season\/","title":{"rendered":"DuraMAX y Drydene en el Honda n\u00ba 27 de Andretti Autosport con Alexander Rossi hasta la temporada 2022 NTT INDYCAR"},"content":{"rendered":"<p>&nbsp;<\/p>\n<p><img loading=\"lazy\" decoding=\"async\" class=\"wp-image-7123 alignright\" src=\"https:\/\/reladyne.com\/wp-content\/uploads\/2022\/05\/DuraMAX_Drydene-AAS_Lockup_0371-300x100.png\" alt=\"\" width=\"528\" height=\"176\" srcset=\"https:\/\/reladyne.com\/wp-content\/uploads\/2022\/05\/DuraMAX_Drydene-AAS_Lockup_0371-300x100.png 300w, https:\/\/reladyne.com\/wp-content\/uploads\/2022\/05\/DuraMAX_Drydene-AAS_Lockup_0371-1024x342.png 1024w, https:\/\/reladyne.com\/wp-content\/uploads\/2022\/05\/DuraMAX_Drydene-AAS_Lockup_0371-768x257.png 768w, https:\/\/reladyne.com\/wp-content\/uploads\/2022\/05\/DuraMAX_Drydene-AAS_Lockup_0371-1536x513.png 1536w, https:\/\/reladyne.com\/wp-content\/uploads\/2022\/05\/DuraMAX_Drydene-AAS_Lockup_0371-2048x684.png 2048w, https:\/\/reladyne.com\/wp-content\/uploads\/2022\/05\/DuraMAX_Drydene-AAS_Lockup_0371-1568x524.png 1568w, https:\/\/reladyne.com\/wp-content\/uploads\/2022\/05\/DuraMAX_Drydene-AAS_Lockup_0371-180x60.png 180w, https:\/\/reladyne.com\/wp-content\/uploads\/2022\/05\/DuraMAX_Drydene-AAS_Lockup_0371-31x10.png 31w\" sizes=\"auto, (max-width: 528px) 100vw, 528px\" \/><\/p>\n<p>RelaDyne, uno de los principales proveedores nacionales de lubricantes, combustible, fluido de escape di\u00e9sel (DEF) y servicios de fiabilidad industrial, est\u00e1 encantado de continuar su asociaci\u00f3n con Andretti Autosport por sexta temporada consecutiva. RelaDyne present\u00f3 su marca comercial e industrial, Drydene, durante el Gran Premio GMR, y presentar\u00e1 su marca de automoci\u00f3n, DuraMAX, para las 500 Millas de Indian\u00e1polis y el Gran Premio de Music City.<\/p>\n<p>DuraMAX, impulsado por RelaDyne, hizo su primera aparici\u00f3n con Andretti Autosport en 2017 como parte del esfuerzo del equipo Indy Lights Presented by Cooper Tire como patrocinador principal de Nico Jamin, tanto en el Gran Premio de Indian\u00e1polis como en Freedom 100. Durante las tres temporadas siguientes, DuraMAX volvi\u00f3 como patrocinador habitual de cuatro eventos de la NTT INDYCAR SERIES para el piloto de DHL, Ryan Hunter-Reay, incluyendo: Gran Premio de San Petersburgo, Gran Premio INDYCAR, 500 Millas de Indian\u00e1polis y Mid-Ohio Sports Car. <\/p>\n<p><strong>Este a\u00f1o, tanto DuraMAX como Drydene lucir\u00e1n con orgullo como patrocinadores en el coche de Alexander Rossi para la temporada 2022 de la NTT INDYCAR SERIES.<\/strong><\/p>\n<p>Drydene apareci\u00f3 en la Honda n\u00ba 27 de Alexander Rossi cuando \u00e9ste se enfrent\u00f3 al circuito de Indian\u00e1polis Motor Speedway en el Gran Premio GMR el 14 de mayo. El compa\u00f1ero de equipo de Rossi en Andretti Autosport, Colton Herta, gan\u00f3 al controlar el caos de las cambiantes condiciones meteorol\u00f3gicas, las estrategias de neum\u00e1ticos y los numerosos incidentes para llevarse la bandera a cuadros del Gran Premio GMR en el circuito de carretera del IMS. <a href=\"https:\/\/www.indianapolismotorspeedway.com\/news-multimedia\/all\/2022\/05\/14\/05-14-Herta-Wins-GMRGP?startrow=3\">Haz clic aqu\u00ed<\/a> para ver todas las noticias y multimedia en torno al Gran Premio GMR de 2022. <\/p>\n<p>DuraMAX estar\u00e1 presente en la Honda n\u00ba 27 de Alexander Rossi durante la 106\u00aa Carrera de las 500 Millas de Indian\u00e1polis presentada por Gainbridge que se celebrar\u00e1 el domingo 29 de mayo. El mes de mayo engloba m\u00e1s de un siglo de historia, progreso y velocidad en una celebraci\u00f3n de bienvenida nunca vista. <a href=\"https:\/\/www.indianapolismotorspeedway.com\/events\/indy500\/buy-tickets\">Haga clic aqu\u00ed<\/a> para reservar sus asientos y obtener informaci\u00f3n sobre la entrada general.<\/p>\n<p>Prep\u00e1rate para el fin de semana de carreras que se celebrar\u00e1 del 5 al 7 de agosto en el Gran Premio Big Machine Music City. Con DuraMAX en la Honda n\u00ba 27 de Rossi, este fin de semana te ofrece m\u00e1s que un fin de semana de carreras, es una oportunidad de formar parte de un festival de tres d\u00edas celebrado en el coraz\u00f3n de Nashville. <a href=\"https:\/\/musiccitygp.com\/tickets\">Haz clic aqu\u00ed<\/a> para ver las experiencias VIP, los paquetes de entradas y las opciones de entradas individuales entre las que puedes elegir.<\/p>\n<p>Es un honor volver a colaborar con Andretti Autosport y ahora con Alexander Rossi esta temporada. Bienvenido, Alexander, al equipo DuraMAX, Drydene y RelaDyne. <\/p>\n<p><strong>Acerca de Andretti Autosport<\/strong><br \/>\nCon un nombre como Andretti, las expectativas son altas cuando entras en el mundo de las carreras. Con sede en Indian\u00e1polis, Indiana, y dirigido por la leyenda del automovilismo Michael Andretti, el equipo Andretti Autosport cuenta con m\u00faltiples participaciones en la NTT INDYCAR SERIES, Indy Lights Presented by Cooper Tires Championship y la divisi\u00f3n LMP3 del IMSA WeatherTech Sportscar Championship.<\/p>\n<p>Tambi\u00e9n bajo el paraguas de Andretti Racing se encuentra su programa Andretti F\u00f3rmula E, que compite en el Campeonato ABB FIA de F\u00f3rmula E. Adem\u00e1s, el equipo compite como Walkinshaw Andretti United en la categor\u00eda Supercars australiana a trav\u00e9s de una asociaci\u00f3n con Walkinshaw Racing y United Autosports y est\u00e1 preparado para participar en el nuevo campeonato Extreme E a trav\u00e9s de Andretti United Extreme E. <\/p>\n<p>La empresa de carreras Global cuenta con m\u00e1s de 200 victorias totales en carreras, cuatro campeonatos de la IndyCar Series, cuatro t\u00edtulos de la Indy Lights, un campeonato de la Indy Pro 2000 y otro de la USF2000, un campeonato de la Silver Class GT4 y ha conseguido la victoria en cinco ocasiones en la famosa carrera de las 500 Millas de Indian\u00e1polis. M\u00e1s informaci\u00f3n en <a href=\"http:\/\/andrettiautosport.com\/\">AndrettiAutosport.com<\/a>. <\/p>\n<p><strong>Acerca de DuraMAX, Powered by RelaDyne<\/strong><br \/>\nDuraMAX es una l\u00ednea de soluciones de alta calidad y asequibles para el mantenimiento de veh\u00edculos, que incluye aceites de motor totalmente sint\u00e9ticos, de alto kilometraje y de mezcla sint\u00e9tica, anticongelantes, filtros, escobillas limpiaparabrisas, limpiadores de frenos, l\u00edquidos de direcci\u00f3n asistida y mucho m\u00e1s. Los productos DuraMAX incluyen programas de retenci\u00f3n orientados al instalador, como descuentos en el servicio, marketing por correo electr\u00f3nico y una garant\u00eda de protecci\u00f3n del motor de 10 a\u00f1os y 300.000 millas con cada cambio de aceite DuraMAX.<\/p>\n<p>Descubra m\u00e1s en <a href=\"http:\/\/www.duramax.com\">www.duramax.com<\/a> o s\u00edganos en Facebook: DuraMAXoil y Twitter: @DuraMAXoil.<\/p>\n<p><strong>Acerca de Drydene, Powered by RelaDyne<br \/>\n<\/strong>Durante m\u00e1s de un siglo, los lubricantes Drydene se han fabricado en Am\u00e9rica y se han hecho para durar, allanando el camino en nuestras carreteras, en nuestros campos y en la l\u00ednea de producci\u00f3n. Y hoy seguimos aqu\u00ed haciendo lo que mejor sabemos hacer: ayudar a Estados Unidos a hacer su trabajo. Los productos Drydene est\u00e1n fabricados con <strong>ALL Technology\u00ae, la<\/strong> qu\u00edmica de <strong>vida \u00fatil de la lubricidad avanzada<\/strong>, para satisfacer y superar las necesidades industriales y de trabajo pesado modernas de hoy en d\u00eda. Drydene ofrece una l\u00ednea completa de lubricantes comerciales e industriales, incluidos aceites para motores de gran potencia, l\u00edquido de escape di\u00e9sel (DEF), l\u00edquidos de transmisi\u00f3n, grasas y aceites hidr\u00e1ulicos y de engranajes.<\/p>\n<p>Para m\u00e1s informaci\u00f3n, visite <a href=\"http:\/\/www.drydene.com\">www.drydene.com<\/a> o s\u00edganos en Facebook: TeamDrydene, Twitter: @TeamDrydene e Instagram: TeamDrydene.<\/p>\n","protected":false},"excerpt":{"rendered":"<p>&nbsp; RelaDyne, uno de los principales proveedores nacionales de lubricantes, combustible, fluido de escape di\u00e9sel (DEF) y servicios de fiabilidad industrial, est\u00e1 encantado de continuar su asociaci\u00f3n con Andretti Autosport por sexta temporada consecutiva. RelaDyne present\u00f3 su marca comercial e industrial, Drydene, durante el Gran Premio GMR, y presentar\u00e1 su marca de automoci\u00f3n, DuraMAX, para&#8230; <a href=\"https:\/\/dev3.helmetstudio.com\/duramax-and-drydene-featured-on-andretti-autosport-no-27-honda-with-alexander-rossi-through-2022-ntt-indycar-season\/\">Read More<\/a><\/p>\n","protected":false},"author":5,"featured_media":9910,"comment_status":"closed","ping_status":"closed","sticky":false,"template":"","format":"standard","meta":{"_acf_changed":false,"content-type":"","inline_featured_image":false,"footnotes":""},"categories":[],"tags":[],"post_folder":[],"class_list":["post-10313","post","type-post","status-publish","format-standard","has-post-thumbnail","hentry","entry"],"acf":[],"cp_meta_data":{"_encloseme":["1"],"_yoast_wpseo_primary_category":["16"],"_map_location_tooltip_enabled":["yes"],"_map_location_external_url_enable":["no"],"_map_location_external_url_url":[""],"_map_location_external_url_target":["_blank"],"_map_location_tooltip_show":["yes"],"_map_location_tooltip_close":["auto"],"_map_location_popup_location_information":["yes"],"_map_location_popup_directions":["yes"],"_map_location_pin":[""],"_map_location_phone":[""],"_map_location_address":[""],"_map_location_address_2":[""],"_map_location_city":[""],"_map_location_state":[""],"_map_location_zip":[""],"_map_location_country":[""],"_map_location_directions_url":[""],"_map_location_share":[null],"_map_location_video_embed":[""],"_map_location_google_location-lat":["40.346544"],"_map_location_google_location-lng":["-101.645507"],"show_default_page_title":["1"],"_show_default_page_title":["field_5d7020ac38e14"],"user_hero_page_title":["1"],"_user_hero_page_title":["field_5d728d2037f07"],"_alternate_page_title":["field_5d7020b838e15"],"_hero_title_subheading":["field_5d728c62f7d92"],"_blue_gradient_overlay":["field_5de6dcaf22e51"],"_hero_title_background_video":["field_5e25d010548f9"],"_hero_title_background_image":["field_5d728c3ff7d91"],"hero_title_background_color":[""],"_hero_title_background_color":["field_5d728c6af7d93"],"hero_call_to_action_buttons":[""],"_hero_call_to_action_buttons":["field_5dd7f764f7cdd"],"_top_nav_excluded":[""],"_cms_nav_minihome":[""],"_thumbnail_id":["9910"],"_wpml_word_count":["{\"total\":950,\"to_translate\":{\"en\":950}}"],"inline_featured_image":["0","0","0","0","0","0","0","0","0"],"sds_brand_name":["DuraMAX and Drydene Featured on Andretti Autosport No. 27 Honda with Alexander Rossi through 2022 NTT INDYCAR season"],"classic-editor-remember":["classic-editor"],"_last_translation_edit_mode":["translation-editor"],"_wpml_media_featured":["1"],"_wpml_media_duplicate":["1"],"_wp_attachment_metadata":[""],"_wp_old_slug":["duramax-y-drydene-en-el-honda-no-27-de-andretti-autosport-con-alexander-rossi-hasta-la-temporada-2022-ntt-indycar"],"_yoast_post_redirect_info":["a:4:{s:6:\"origin\";s:116:\"es\/duramax-y-drydene-en-el-honda-no-27-de-andretti-autosport-con-alexander-rossi-hasta-la-temporada-2022-ntt-indycar\";s:6:\"target\";s:117:\"es\/duramax-y-drydene-destacados-en-andretti-autosport-no-27-honda-con-alexander-rossi-through-2022-ntt-indycar-season\";s:4:\"type\";i:301;s:6:\"format\";s:5:\"plain\";}"],"_map_location_mll_include":["yes"],"mapify_grs_enable":["0"],"mapify_grs_site_url":[""],"mapify_grs_price_range":["$$$"],"_map_location_google_location-zoom":["8"],"_map_location_google_location":["40.346544,-101.645507"],"blue_gradient_overlay":[""],"hero_title_background_image":["a:24:{s:2:\"ID\";i:7975;s:2:\"id\";i:7975;s:5:\"title\";s:17:\"blue-detailed-bkg\";s:8:\"filename\";s:21:\"blue-detailed-bkg.jpg\";s:8:\"filesize\";i:24196;s:3:\"url\";s:69:\"https:\/\/reladyne.com\/wp-content\/uploads\/2019\/11\/blue-detailed-bkg.jpg\";s:4:\"link\";s:58:\"https:\/\/reladyne.com\/es\/sds-documents\/blue-detailed-bkg-2\/\";s:3:\"alt\";s:0:\"\";s:6:\"author\";s:1:\"1\";s:11:\"description\";s:0:\"\";s:7:\"caption\";s:0:\"\";s:4:\"name\";s:19:\"blue-detailed-bkg-2\";s:6:\"status\";s:7:\"inherit\";s:11:\"uploaded_to\";i:10176;s:4:\"date\";s:19:\"2019-11-12 21:11:37\";s:8:\"modified\";s:19:\"2023-04-03 19:48:45\";s:10:\"menu_order\";i:0;s:9:\"mime_type\";s:10:\"image\/jpeg\";s:4:\"type\";s:5:\"image\";s:7:\"subtype\";s:4:\"jpeg\";s:4:\"icon\";s:57:\"https:\/\/reladyne.com\/wp-includes\/images\/media\/default.png\";s:5:\"width\";i:1328;s:6:\"height\";i:273;s:5:\"sizes\";a:42:{s:9:\"thumbnail\";s:77:\"https:\/\/reladyne.com\/wp-content\/uploads\/2019\/11\/blue-detailed-bkg-150x150.jpg\";s:15:\"thumbnail-width\";i:150;s:16:\"thumbnail-height\";i:150;s:6:\"medium\";s:76:\"https:\/\/reladyne.com\/wp-content\/uploads\/2019\/11\/blue-detailed-bkg-300x62.jpg\";s:12:\"medium-width\";i:300;s:13:\"medium-height\";i:62;s:12:\"medium_large\";s:77:\"https:\/\/reladyne.com\/wp-content\/uploads\/2019\/11\/blue-detailed-bkg-768x158.jpg\";s:18:\"medium_large-width\";i:640;s:19:\"medium_large-height\";i:132;s:5:\"large\";s:78:\"https:\/\/reladyne.com\/wp-content\/uploads\/2019\/11\/blue-detailed-bkg-1024x211.jpg\";s:11:\"large-width\";i:640;s:12:\"large-height\";i:132;s:9:\"1536x1536\";s:69:\"https:\/\/reladyne.com\/wp-content\/uploads\/2019\/11\/blue-detailed-bkg.jpg\";s:15:\"1536x1536-width\";i:640;s:16:\"1536x1536-height\";i:132;s:9:\"2048x2048\";s:69:\"https:\/\/reladyne.com\/wp-content\/uploads\/2019\/11\/blue-detailed-bkg.jpg\";s:15:\"2048x2048-width\";i:640;s:16:\"2048x2048-height\";i:132;s:13:\"crowd-preview\";s:69:\"https:\/\/reladyne.com\/wp-content\/uploads\/2019\/11\/blue-detailed-bkg.jpg\";s:19:\"crowd-preview-width\";i:80;s:20:\"crowd-preview-height\";i:16;s:14:\"post-thumbnail\";s:69:\"https:\/\/reladyne.com\/wp-content\/uploads\/2019\/11\/blue-detailed-bkg.jpg\";s:20:\"post-thumbnail-width\";i:640;s:21:\"post-thumbnail-height\";i:132;s:14:\"document-thumb\";s:76:\"https:\/\/reladyne.com\/wp-content\/uploads\/2019\/11\/blue-detailed-bkg-180x37.jpg\";s:20:\"document-thumb-width\";i:180;s:21:\"document-thumb-height\";i:37;s:8:\"carousel\";s:69:\"https:\/\/reladyne.com\/wp-content\/uploads\/2019\/11\/blue-detailed-bkg.jpg\";s:14:\"carousel-width\";i:600;s:15:\"carousel-height\";i:123;s:17:\"mpfy_location_tag\";s:74:\"https:\/\/reladyne.com\/wp-content\/uploads\/2019\/11\/blue-detailed-bkg-31x6.jpg\";s:23:\"mpfy_location_tag-width\";i:31;s:24:\"mpfy_location_tag-height\";i:6;s:21:\"gform-image-choice-sm\";s:69:\"https:\/\/reladyne.com\/wp-content\/uploads\/2019\/11\/blue-detailed-bkg.jpg\";s:27:\"gform-image-choice-sm-width\";i:300;s:28:\"gform-image-choice-sm-height\";i:62;s:21:\"gform-image-choice-md\";s:69:\"https:\/\/reladyne.com\/wp-content\/uploads\/2019\/11\/blue-detailed-bkg.jpg\";s:27:\"gform-image-choice-md-width\";i:400;s:28:\"gform-image-choice-md-height\";i:82;s:21:\"gform-image-choice-lg\";s:69:\"https:\/\/reladyne.com\/wp-content\/uploads\/2019\/11\/blue-detailed-bkg.jpg\";s:27:\"gform-image-choice-lg-width\";i:600;s:28:\"gform-image-choice-lg-height\";i:123;}}"],"location":["a:5:{s:12:\"selected_lat\";s:9:\"40.346544\";s:12:\"selected_lng\";s:11:\"-101.645507\";s:12:\"centered_lat\";s:9:\"40.346544\";s:12:\"centered_lng\";s:11:\"-101.645507\";s:10:\"zoom_level\";s:1:\"8\";}"],"_yoast_wpseo_title":["%%title%% %%page%"],"_yoast_wpseo_metadesc":["RelaDyne est\u00e1 encantada de continuar su asociaci\u00f3n con Andretti Autosport por sexta temporada consecutiva."],"_yoast_wpseo_focuskw":["DuraMAX"],"_yoast_wpseo_focuskeywords":["[{\"keyword\":\"duramax\",\"score\":\"65\"}]"]},"yoast_head":"<!-- This site is optimized with the Yoast SEO Premium plugin v26.6 (Yoast SEO v26.6) - https:\/\/yoast.com\/wordpress\/plugins\/seo\/ -->\n<title>DuraMAX y Drydene en el Honda n\u00ba 27 de Andretti Autosport con Alexander Rossi hasta la temporada 2022 NTT INDYCAR %%page%<\/title>\n<meta name=\"description\" content=\"RelaDyne est\u00e1 encantada de continuar su asociaci\u00f3n con Andretti Autosport por sexta temporada consecutiva.\" \/>\n<meta name=\"robots\" content=\"index, follow, max-snippet:-1, max-image-preview:large, max-video-preview:-1\" \/>\n<link rel=\"canonical\" href=\"https:\/\/reladyne.com\/es\/duramax-y-drydene-destacados-en-andretti-autosport-no-27-honda-con-alexander-rossi-through-2022-ntt-indycar-season\/\" \/>\n<meta property=\"og:locale\" content=\"es_ES\" \/>\n<meta property=\"og:type\" content=\"article\" \/>\n<meta property=\"og:title\" content=\"DuraMAX y Drydene en el Honda n\u00ba 27 de Andretti Autosport con Alexander Rossi hasta la temporada 2022 NTT INDYCAR\" \/>\n<meta property=\"og:description\" content=\"RelaDyne est\u00e1 encantada de continuar su asociaci\u00f3n con Andretti Autosport por sexta temporada consecutiva.\" \/>\n<meta property=\"og:url\" content=\"https:\/\/reladyne.com\/es\/duramax-y-drydene-destacados-en-andretti-autosport-no-27-honda-con-alexander-rossi-through-2022-ntt-indycar-season\/\" \/>\n<meta property=\"og:site_name\" content=\"RelaDyne\" \/>\n<meta property=\"article:publisher\" content=\"https:\/\/www.facebook.com\/RelaDyne\/\" \/>\n<meta property=\"article:published_time\" content=\"2022-05-18T19:00:25+00:00\" \/>\n<meta property=\"article:modified_time\" content=\"2025-02-12T23:07:50+00:00\" \/>\n<meta property=\"og:image\" content=\"https:\/\/reladyne.com\/wp-content\/uploads\/2022\/05\/indygp_05142022-11318-scaled.jpg\" \/>\n\t<meta property=\"og:image:width\" content=\"2560\" \/>\n\t<meta property=\"og:image:height\" content=\"1707\" \/>\n\t<meta property=\"og:image:type\" content=\"image\/jpeg\" \/>\n<meta name=\"author\" content=\"Riley Kelly\" \/>\n<meta name=\"twitter:card\" content=\"summary_large_image\" \/>\n<meta name=\"twitter:creator\" content=\"@RelaDyne\" \/>\n<meta name=\"twitter:site\" content=\"@RelaDyne\" \/>\n<meta name=\"twitter:label1\" content=\"Escrito por\" \/>\n\t<meta name=\"twitter:data1\" content=\"Riley Kelly\" \/>\n\t<meta name=\"twitter:label2\" content=\"Tiempo de lectura\" \/>\n\t<meta name=\"twitter:data2\" content=\"5 minutos\" \/>\n<script type=\"application\/ld+json\" class=\"yoast-schema-graph\">{\"@context\":\"https:\/\/schema.org\",\"@graph\":[{\"@type\":\"Article\",\"@id\":\"https:\/\/reladyne.com\/es\/duramax-y-drydene-destacados-en-andretti-autosport-no-27-honda-con-alexander-rossi-through-2022-ntt-indycar-season\/#article\",\"isPartOf\":{\"@id\":\"https:\/\/reladyne.com\/es\/duramax-y-drydene-destacados-en-andretti-autosport-no-27-honda-con-alexander-rossi-through-2022-ntt-indycar-season\/\"},\"author\":{\"name\":\"Riley Kelly\",\"@id\":\"https:\/\/reladyne.com\/es\/#\/schema\/person\/9ddc0acd3dd0d8c030a77cf5af846b7f\"},\"headline\":\"DuraMAX y Drydene en el Honda n\u00ba 27 de Andretti Autosport con Alexander Rossi hasta la temporada 2022 NTT INDYCAR\",\"datePublished\":\"2022-05-18T19:00:25+00:00\",\"dateModified\":\"2025-02-12T23:07:50+00:00\",\"mainEntityOfPage\":{\"@id\":\"https:\/\/reladyne.com\/es\/duramax-y-drydene-destacados-en-andretti-autosport-no-27-honda-con-alexander-rossi-through-2022-ntt-indycar-season\/\"},\"wordCount\":955,\"publisher\":{\"@id\":\"https:\/\/reladyne.com\/es\/#organization\"},\"image\":{\"@id\":\"https:\/\/reladyne.com\/es\/duramax-y-drydene-destacados-en-andretti-autosport-no-27-honda-con-alexander-rossi-through-2022-ntt-indycar-season\/#primaryimage\"},\"thumbnailUrl\":\"https:\/\/reladyne.com\/wp-content\/uploads\/2022\/05\/indygp_05142022-11318-scaled.jpg\",\"inLanguage\":\"es\"},{\"@type\":\"WebPage\",\"@id\":\"https:\/\/reladyne.com\/es\/duramax-y-drydene-destacados-en-andretti-autosport-no-27-honda-con-alexander-rossi-through-2022-ntt-indycar-season\/\",\"url\":\"https:\/\/reladyne.com\/es\/duramax-y-drydene-destacados-en-andretti-autosport-no-27-honda-con-alexander-rossi-through-2022-ntt-indycar-season\/\",\"name\":\"DuraMAX y Drydene en el Honda n\u00ba 27 de Andretti Autosport con Alexander Rossi hasta la temporada 2022 NTT INDYCAR %%page%\",\"isPartOf\":{\"@id\":\"https:\/\/reladyne.com\/es\/#website\"},\"primaryImageOfPage\":{\"@id\":\"https:\/\/reladyne.com\/es\/duramax-y-drydene-destacados-en-andretti-autosport-no-27-honda-con-alexander-rossi-through-2022-ntt-indycar-season\/#primaryimage\"},\"image\":{\"@id\":\"https:\/\/reladyne.com\/es\/duramax-y-drydene-destacados-en-andretti-autosport-no-27-honda-con-alexander-rossi-through-2022-ntt-indycar-season\/#primaryimage\"},\"thumbnailUrl\":\"https:\/\/reladyne.com\/wp-content\/uploads\/2022\/05\/indygp_05142022-11318-scaled.jpg\",\"datePublished\":\"2022-05-18T19:00:25+00:00\",\"dateModified\":\"2025-02-12T23:07:50+00:00\",\"description\":\"RelaDyne est\u00e1 encantada de continuar su asociaci\u00f3n con Andretti Autosport por sexta temporada consecutiva.\",\"breadcrumb\":{\"@id\":\"https:\/\/reladyne.com\/es\/duramax-y-drydene-destacados-en-andretti-autosport-no-27-honda-con-alexander-rossi-through-2022-ntt-indycar-season\/#breadcrumb\"},\"inLanguage\":\"es\",\"potentialAction\":[{\"@type\":\"ReadAction\",\"target\":[\"https:\/\/reladyne.com\/es\/duramax-y-drydene-destacados-en-andretti-autosport-no-27-honda-con-alexander-rossi-through-2022-ntt-indycar-season\/\"]}]},{\"@type\":\"ImageObject\",\"inLanguage\":\"es\",\"@id\":\"https:\/\/reladyne.com\/es\/duramax-y-drydene-destacados-en-andretti-autosport-no-27-honda-con-alexander-rossi-through-2022-ntt-indycar-season\/#primaryimage\",\"url\":\"https:\/\/reladyne.com\/wp-content\/uploads\/2022\/05\/indygp_05142022-11318-scaled.jpg\",\"contentUrl\":\"https:\/\/reladyne.com\/wp-content\/uploads\/2022\/05\/indygp_05142022-11318-scaled.jpg\",\"width\":2560,\"height\":1707},{\"@type\":\"BreadcrumbList\",\"@id\":\"https:\/\/reladyne.com\/es\/duramax-y-drydene-destacados-en-andretti-autosport-no-27-honda-con-alexander-rossi-through-2022-ntt-indycar-season\/#breadcrumb\",\"itemListElement\":[{\"@type\":\"ListItem\",\"position\":1,\"name\":\"Home\",\"item\":\"https:\/\/reladyne.com\/es\/\"},{\"@type\":\"ListItem\",\"position\":2,\"name\":\"DuraMAX y Drydene en el Honda n\u00ba 27 de Andretti Autosport con Alexander Rossi hasta la temporada 2022 NTT INDYCAR\"}]},{\"@type\":\"WebSite\",\"@id\":\"https:\/\/reladyne.com\/es\/#website\",\"url\":\"https:\/\/reladyne.com\/es\/\",\"name\":\"RelaDyne\",\"description\":\"RelaDyne | Bulk Oil, Fuel &amp; Lubricants Distributor\",\"publisher\":{\"@id\":\"https:\/\/reladyne.com\/es\/#organization\"},\"potentialAction\":[{\"@type\":\"SearchAction\",\"target\":{\"@type\":\"EntryPoint\",\"urlTemplate\":\"https:\/\/reladyne.com\/es\/?s={search_term_string}\"},\"query-input\":{\"@type\":\"PropertyValueSpecification\",\"valueRequired\":true,\"valueName\":\"search_term_string\"}}],\"inLanguage\":\"es\"},{\"@type\":\"Organization\",\"@id\":\"https:\/\/reladyne.com\/es\/#organization\",\"name\":\"RelaDyne\",\"url\":\"https:\/\/reladyne.com\/es\/\",\"logo\":{\"@type\":\"ImageObject\",\"inLanguage\":\"es\",\"@id\":\"https:\/\/reladyne.com\/es\/#\/schema\/logo\/image\/\",\"url\":\"https:\/\/reladyne.com\/wp-content\/uploads\/2020\/07\/RelaDyne-square-logo.jpg\",\"contentUrl\":\"https:\/\/reladyne.com\/wp-content\/uploads\/2020\/07\/RelaDyne-square-logo.jpg\",\"width\":1500,\"height\":1500,\"caption\":\"RelaDyne\"},\"image\":{\"@id\":\"https:\/\/reladyne.com\/es\/#\/schema\/logo\/image\/\"},\"sameAs\":[\"https:\/\/www.facebook.com\/RelaDyne\/\",\"https:\/\/x.com\/RelaDyne\"]},{\"@type\":\"Person\",\"@id\":\"https:\/\/reladyne.com\/es\/#\/schema\/person\/9ddc0acd3dd0d8c030a77cf5af846b7f\",\"name\":\"Riley Kelly\",\"url\":\"https:\/\/reladyne.com\/es\/author\/riley-kellyreladyne-com\/\"}]}<\/script>\n<!-- \/ Yoast SEO Premium plugin. -->","yoast_head_json":{"title":"DuraMAX y Drydene en el Honda n\u00ba 27 de Andretti Autosport con Alexander Rossi hasta la temporada 2022 NTT INDYCAR %%page%","description":"RelaDyne est\u00e1 encantada de continuar su asociaci\u00f3n con Andretti Autosport por sexta temporada consecutiva.","robots":{"index":"index","follow":"follow","max-snippet":"max-snippet:-1","max-image-preview":"max-image-preview:large","max-video-preview":"max-video-preview:-1"},"canonical":"https:\/\/reladyne.com\/es\/duramax-y-drydene-destacados-en-andretti-autosport-no-27-honda-con-alexander-rossi-through-2022-ntt-indycar-season\/","og_locale":"es_ES","og_type":"article","og_title":"DuraMAX y Drydene en el Honda n\u00ba 27 de Andretti Autosport con Alexander Rossi hasta la temporada 2022 NTT INDYCAR","og_description":"RelaDyne est\u00e1 encantada de continuar su asociaci\u00f3n con Andretti Autosport por sexta temporada consecutiva.","og_url":"https:\/\/reladyne.com\/es\/duramax-y-drydene-destacados-en-andretti-autosport-no-27-honda-con-alexander-rossi-through-2022-ntt-indycar-season\/","og_site_name":"RelaDyne","article_publisher":"https:\/\/www.facebook.com\/RelaDyne\/","article_published_time":"2022-05-18T19:00:25+00:00","article_modified_time":"2025-02-12T23:07:50+00:00","og_image":[{"width":2560,"height":1707,"url":"https:\/\/reladyne.com\/wp-content\/uploads\/2022\/05\/indygp_05142022-11318-scaled.jpg","type":"image\/jpeg"}],"author":"Riley Kelly","twitter_card":"summary_large_image","twitter_creator":"@RelaDyne","twitter_site":"@RelaDyne","twitter_misc":{"Escrito por":"Riley Kelly","Tiempo de lectura":"5 minutos"},"schema":{"@context":"https:\/\/schema.org","@graph":[{"@type":"Article","@id":"https:\/\/reladyne.com\/es\/duramax-y-drydene-destacados-en-andretti-autosport-no-27-honda-con-alexander-rossi-through-2022-ntt-indycar-season\/#article","isPartOf":{"@id":"https:\/\/reladyne.com\/es\/duramax-y-drydene-destacados-en-andretti-autosport-no-27-honda-con-alexander-rossi-through-2022-ntt-indycar-season\/"},"author":{"name":"Riley Kelly","@id":"https:\/\/reladyne.com\/es\/#\/schema\/person\/9ddc0acd3dd0d8c030a77cf5af846b7f"},"headline":"DuraMAX y Drydene en el Honda n\u00ba 27 de Andretti Autosport con Alexander Rossi hasta la temporada 2022 NTT INDYCAR","datePublished":"2022-05-18T19:00:25+00:00","dateModified":"2025-02-12T23:07:50+00:00","mainEntityOfPage":{"@id":"https:\/\/reladyne.com\/es\/duramax-y-drydene-destacados-en-andretti-autosport-no-27-honda-con-alexander-rossi-through-2022-ntt-indycar-season\/"},"wordCount":955,"publisher":{"@id":"https:\/\/reladyne.com\/es\/#organization"},"image":{"@id":"https:\/\/reladyne.com\/es\/duramax-y-drydene-destacados-en-andretti-autosport-no-27-honda-con-alexander-rossi-through-2022-ntt-indycar-season\/#primaryimage"},"thumbnailUrl":"https:\/\/reladyne.com\/wp-content\/uploads\/2022\/05\/indygp_05142022-11318-scaled.jpg","inLanguage":"es"},{"@type":"WebPage","@id":"https:\/\/reladyne.com\/es\/duramax-y-drydene-destacados-en-andretti-autosport-no-27-honda-con-alexander-rossi-through-2022-ntt-indycar-season\/","url":"https:\/\/reladyne.com\/es\/duramax-y-drydene-destacados-en-andretti-autosport-no-27-honda-con-alexander-rossi-through-2022-ntt-indycar-season\/","name":"DuraMAX y Drydene en el Honda n\u00ba 27 de Andretti Autosport con Alexander Rossi hasta la temporada 2022 NTT INDYCAR %%page%","isPartOf":{"@id":"https:\/\/reladyne.com\/es\/#website"},"primaryImageOfPage":{"@id":"https:\/\/reladyne.com\/es\/duramax-y-drydene-destacados-en-andretti-autosport-no-27-honda-con-alexander-rossi-through-2022-ntt-indycar-season\/#primaryimage"},"image":{"@id":"https:\/\/reladyne.com\/es\/duramax-y-drydene-destacados-en-andretti-autosport-no-27-honda-con-alexander-rossi-through-2022-ntt-indycar-season\/#primaryimage"},"thumbnailUrl":"https:\/\/reladyne.com\/wp-content\/uploads\/2022\/05\/indygp_05142022-11318-scaled.jpg","datePublished":"2022-05-18T19:00:25+00:00","dateModified":"2025-02-12T23:07:50+00:00","description":"RelaDyne est\u00e1 encantada de continuar su asociaci\u00f3n con Andretti Autosport por sexta temporada consecutiva.","breadcrumb":{"@id":"https:\/\/reladyne.com\/es\/duramax-y-drydene-destacados-en-andretti-autosport-no-27-honda-con-alexander-rossi-through-2022-ntt-indycar-season\/#breadcrumb"},"inLanguage":"es","potentialAction":[{"@type":"ReadAction","target":["https:\/\/reladyne.com\/es\/duramax-y-drydene-destacados-en-andretti-autosport-no-27-honda-con-alexander-rossi-through-2022-ntt-indycar-season\/"]}]},{"@type":"ImageObject","inLanguage":"es","@id":"https:\/\/reladyne.com\/es\/duramax-y-drydene-destacados-en-andretti-autosport-no-27-honda-con-alexander-rossi-through-2022-ntt-indycar-season\/#primaryimage","url":"https:\/\/reladyne.com\/wp-content\/uploads\/2022\/05\/indygp_05142022-11318-scaled.jpg","contentUrl":"https:\/\/reladyne.com\/wp-content\/uploads\/2022\/05\/indygp_05142022-11318-scaled.jpg","width":2560,"height":1707},{"@type":"BreadcrumbList","@id":"https:\/\/reladyne.com\/es\/duramax-y-drydene-destacados-en-andretti-autosport-no-27-honda-con-alexander-rossi-through-2022-ntt-indycar-season\/#breadcrumb","itemListElement":[{"@type":"ListItem","position":1,"name":"Home","item":"https:\/\/reladyne.com\/es\/"},{"@type":"ListItem","position":2,"name":"DuraMAX y Drydene en el Honda n\u00ba 27 de Andretti Autosport con Alexander Rossi hasta la temporada 2022 NTT INDYCAR"}]},{"@type":"WebSite","@id":"https:\/\/reladyne.com\/es\/#website","url":"https:\/\/reladyne.com\/es\/","name":"RelaDyne","description":"RelaDyne | Bulk Oil, Fuel &amp; Lubricants Distributor","publisher":{"@id":"https:\/\/reladyne.com\/es\/#organization"},"potentialAction":[{"@type":"SearchAction","target":{"@type":"EntryPoint","urlTemplate":"https:\/\/reladyne.com\/es\/?s={search_term_string}"},"query-input":{"@type":"PropertyValueSpecification","valueRequired":true,"valueName":"search_term_string"}}],"inLanguage":"es"},{"@type":"Organization","@id":"https:\/\/reladyne.com\/es\/#organization","name":"RelaDyne","url":"https:\/\/reladyne.com\/es\/","logo":{"@type":"ImageObject","inLanguage":"es","@id":"https:\/\/reladyne.com\/es\/#\/schema\/logo\/image\/","url":"https:\/\/reladyne.com\/wp-content\/uploads\/2020\/07\/RelaDyne-square-logo.jpg","contentUrl":"https:\/\/reladyne.com\/wp-content\/uploads\/2020\/07\/RelaDyne-square-logo.jpg","width":1500,"height":1500,"caption":"RelaDyne"},"image":{"@id":"https:\/\/reladyne.com\/es\/#\/schema\/logo\/image\/"},"sameAs":["https:\/\/www.facebook.com\/RelaDyne\/","https:\/\/x.com\/RelaDyne"]},{"@type":"Person","@id":"https:\/\/reladyne.com\/es\/#\/schema\/person\/9ddc0acd3dd0d8c030a77cf5af846b7f","name":"Riley Kelly","url":"https:\/\/reladyne.com\/es\/author\/riley-kellyreladyne-com\/"}]}},"_links":{"self":[{"href":"https:\/\/reladyne.com\/es\/wp-json\/wp\/v2\/posts\/10313","targetHints":{"allow":["GET"]}}],"collection":[{"href":"https:\/\/reladyne.com\/es\/wp-json\/wp\/v2\/posts"}],"about":[{"href":"https:\/\/reladyne.com\/es\/wp-json\/wp\/v2\/types\/post"}],"author":[{"embeddable":true,"href":"https:\/\/reladyne.com\/es\/wp-json\/wp\/v2\/users\/5"}],"replies":[{"embeddable":true,"href":"https:\/\/reladyne.com\/es\/wp-json\/wp\/v2\/comments?post=10313"}],"version-history":[{"count":3,"href":"https:\/\/reladyne.com\/es\/wp-json\/wp\/v2\/posts\/10313\/revisions"}],"predecessor-version":[{"id":14614,"href":"https:\/\/reladyne.com\/es\/wp-json\/wp\/v2\/posts\/10313\/revisions\/14614"}],"wp:featuredmedia":[{"embeddable":true,"href":"https:\/\/reladyne.com\/es\/wp-json\/wp\/v2\/media\/9910"}],"wp:attachment":[{"href":"https:\/\/reladyne.com\/es\/wp-json\/wp\/v2\/media?parent=10313"}],"wp:term":[{"taxonomy":"category","embeddable":true,"href":"https:\/\/reladyne.com\/es\/wp-json\/wp\/v2\/categories?post=10313"},{"taxonomy":"post_tag","embeddable":true,"href":"https:\/\/reladyne.com\/es\/wp-json\/wp\/v2\/tags?post=10313"},{"taxonomy":"post_folder","embeddable":true,"href":"https:\/\/reladyne.com\/es\/wp-json\/wp\/v2\/post_folder?post=10313"}],"curies":[{"name":"wp","href":"https:\/\/api.w.org\/{rel}","templated":true}]}}